{"arrTables":{"edadf":{"heading":"Edad, Mujeres","comment":"Edad mediana (50% son m\u00e1s mayores, 50% son m\u00e1s j\u00f3venes): <b>29.1<\/b>","thead":["A\u00f1os","1-10","11-20","21-30","31-40","41-50","51-60","61-70","70+","total"],"tbody":[[2000,97,75,380,298,121,24,12,4,1011],[2001,150,134,685,625,282,72,14,4,1966],[2002,120,126,481,402,200,59,13,6,1407],[2003,129,162,452,394,148,55,15,12,1367],[2004,98,155,399,286,122,51,9,6,1126],[2005,133,162,421,287,139,66,13,5,1226],[2006,110,146,509,267,145,57,34,11,1279],[2007,170,239,676,421,216,80,34,9,1845],[2008,161,239,569,369,161,83,39,11,1632],[2009,141,178,539,313,143,74,29,9,1426],[2010,131,182,490,342,141,63,35,15,1399],[2011,141,213,581,370,160,78,26,10,1579],[2012,159,237,710,426,175,98,26,16,1847],[2013,166,256,736,479,207,128,35,13,2020],[2014,176,245,777,511,222,123,52,16,2122],[2015,217,304,869,610,276,162,40,13,2491],[2016,246,304,1058,670,329,157,50,26,2840],[2017,353,472,1370,965,478,219,71,17,3945],[2018,356,550,1434,1055,535,233,70,28,4261],[2019,341,445,1083,732,406,230,65,22,3324],[2020,193,304,754,525,283,157,38,10,2264],[2021,108,194,436,323,175,78,40,14,1368],[2022,351,585,1153,864,545,294,100,36,3928],[2023,313,507,441,247,125,72,31,27,1763]],"tfoot":["&nbsp;",4560,6414,17003,11781,5734,2713,891,340,49436],"format":{"tbody":[["font-weight:bold",null],["text-align:right",0],["text-align:right",0],["text-align:right",0],["text-align:right",0],["text-align:right",0],["text-align:right",0],["text-align:right",0],["text-align:right",0],["text-align:right;font-weight:bold",0]],"tfoot":[["font-weight:bold",null],["font-weight:bold;text-align:right",0],["font-weight:bold;text-align:right",0],["font-weight:bold;text-align:right",0],["font-weight:bold;text-align:right",0],["font-weight:bold;text-align:right",0],["font-weight:bold;text-align:right",0],["font-weight:bold;text-align:right",0],["font-weight:bold;text-align:right",0],["font-weight:bold;text-align:right",0]]}}},"DateStart":"2000","DateEnd":"2023","SourceLink":"https:\/\/serviciomigraciones.cl\/wp-content\/uploads\/2024\/03\/RT-otorgadas-2000-al-2023.zip","ParametersText":"Visas temporales, Ecuador, 2000-2023","ParametersHTML":"Visas temporales, Ecuador&nbsp;&nbsp;&#x1f1ea;&#x1f1e8;, 2000-2023"}