{"arrTables":{"edad":{"heading":"Edad, Hombres y Mujeres","comment":"Edad mediana (50% son m\u00e1s mayores, 50% son m\u00e1s j\u00f3venes): <b>29.4<\/b>","thead":["A\u00f1os","1-10","11-20","21-30","31-40","41-50","51-60","61-70","70+","total"],"tbody":[[2000,18,56,170,76,42,27,22,4,415],[2001,22,37,89,71,30,20,8,1,278],[2002,20,45,187,88,44,19,23,3,429],[2003,42,97,241,91,58,26,12,1,568],[2004,41,91,228,104,63,32,17,3,579],[2005,40,83,288,119,73,45,20,6,674],[2006,43,84,357,180,76,46,30,10,826],[2007,57,102,441,177,101,55,27,8,968],[2008,46,111,452,142,97,55,31,9,943],[2009,46,99,435,159,95,48,33,13,928],[2010,30,100,557,156,98,62,36,15,1054],[2011,46,133,607,213,112,70,40,16,1237],[2012,41,138,617,234,134,56,42,18,1280],[2013,54,144,590,298,166,71,37,15,1375],[2014,59,213,744,367,178,75,65,16,1717],[2015,77,202,726,394,192,94,63,21,1769],[2016,74,166,788,390,195,95,49,17,1774],[2017,183,268,1298,840,279,132,64,18,3082],[2018,453,470,2398,1592,583,314,104,40,5954],[2019,278,452,1765,1338,497,266,101,29,4726],[2020,146,169,774,589,248,153,66,12,2157],[2021,100,112,472,448,166,98,48,15,1459],[2022,223,334,1021,1047,420,220,110,33,3408],[2023,134,262,132,148,53,36,22,6,793]],"tfoot":["&nbsp;",2273,3968,15377,9261,4000,2115,1070,329,38393],"format":{"tbody":[["font-weight:bold",null],["text-align:right",0],["text-align:right",0],["text-align:right",0],["text-align:right",0],["text-align:right",0],["text-align:right",0],["text-align:right",0],["text-align:right",0],["text-align:right;font-weight:bold",0]],"tfoot":[["font-weight:bold",null],["font-weight:bold;text-align:right",0],["font-weight:bold;text-align:right",0],["font-weight:bold;text-align:right",0],["font-weight:bold;text-align:right",0],["font-weight:bold;text-align:right",0],["font-weight:bold;text-align:right",0],["font-weight:bold;text-align:right",0],["font-weight:bold;text-align:right",0],["font-weight:bold;text-align:right",0]]}}},"DateStart":"2000","DateEnd":"2023","SourceLink":"https:\/\/serviciomigraciones.cl\/wp-content\/uploads\/2024\/03\/RT-otorgadas-2000-al-2023.zip","ParametersText":"Visas temporales, comuna: Vi\u00f1a del Mar, 2000-2023","ParametersHTML":"Visas temporales, comuna: Vi\u00f1a del Mar, 2000-2023"}