{"arrTables":{"edadm":{"heading":"Edad, Hombres","comment":"Edad mediana (50% son m\u00e1s mayores, 50% son m\u00e1s j\u00f3venes): <b>34.8<\/b>","thead":["A\u00f1os","1-10","11-20","21-30","31-40","41-50","51-60","61-70","70+","total"],"tbody":[[2001,1,0,0,0,0,0,0,0,1],[2002,0,0,0,1,0,0,0,0,1],[2003,0,0,0,2,0,0,0,0,2],[2004,0,0,0,2,0,0,2,1,5],[2005,0,1,0,0,0,0,0,0,1],[2006,0,1,0,1,0,0,0,0,2],[2007,0,0,1,5,0,1,1,0,8],[2008,0,0,0,2,1,1,0,0,4],[2009,0,0,0,2,1,1,0,0,4],[2010,0,0,0,3,3,0,0,0,6],[2011,0,1,2,6,3,2,0,0,14],[2012,2,1,3,4,7,3,0,0,20],[2013,3,4,8,6,6,6,2,0,35],[2014,3,3,8,5,6,4,2,0,31],[2015,2,8,12,10,4,5,5,0,46],[2016,2,3,5,10,5,6,4,1,36],[2017,1,0,17,20,10,7,3,0,58],[2018,6,4,60,49,21,9,3,1,153],[2019,2,3,24,34,10,6,4,0,83],[2020,2,5,13,13,8,5,1,0,47],[2021,1,0,5,4,3,3,0,0,16],[2022,1,5,7,4,10,2,1,0,30],[2023,1,3,1,3,1,1,0,0,10]],"tfoot":["&nbsp;",27,42,166,186,99,62,28,3,613],"format":{"tbody":[["font-weight:bold",null],["text-align:right",0],["text-align:right",0],["text-align:right",0],["text-align:right",0],["text-align:right",0],["text-align:right",0],["text-align:right",0],["text-align:right",0],["text-align:right;font-weight:bold",0]],"tfoot":[["font-weight:bold",null],["font-weight:bold;text-align:right",0],["font-weight:bold;text-align:right",0],["font-weight:bold;text-align:right",0],["font-weight:bold;text-align:right",0],["font-weight:bold;text-align:right",0],["font-weight:bold;text-align:right",0],["font-weight:bold;text-align:right",0],["font-weight:bold;text-align:right",0],["font-weight:bold;text-align:right",0]]}}},"DateStart":"2000","DateEnd":"2023","SourceLink":"https:\/\/serviciomigraciones.cl\/wp-content\/uploads\/2024\/03\/RT-otorgadas-2000-al-2023.zip","ParametersText":"Visas temporales, comuna: San Esteban, 2000-2023","ParametersHTML":"Visas temporales, comuna: San Esteban, 2000-2023"}