{"arrTables":{"edadf":{"heading":"Edad, Mujeres","comment":"Edad mediana (50% son m\u00e1s mayores, 50% son m\u00e1s j\u00f3venes): <b>30.8<\/b>","thead":["A\u00f1os","1-10","11-20","21-30","31-40","41-50","51-60","61-70","70+","total"],"tbody":[[2001,0,0,0,0,0,0,1,0,1],[2002,0,0,0,0,0,0,0,0,0],[2003,0,1,1,0,0,1,0,0,3],[2004,0,0,0,0,0,0,0,0,0],[2005,0,4,1,2,0,1,0,0,8],[2006,0,0,2,0,0,0,0,0,2],[2007,0,0,0,1,0,0,0,0,1],[2008,0,0,2,1,0,0,0,0,3],[2009,0,0,1,0,1,1,1,0,4],[2010,0,3,0,1,1,1,1,0,7],[2011,0,1,2,3,1,0,0,0,7],[2012,0,3,2,3,0,0,0,0,8],[2013,2,2,4,3,3,0,0,0,14],[2014,1,1,6,6,2,1,0,0,17],[2015,2,0,6,2,2,0,1,0,13],[2016,3,2,3,4,5,1,0,0,18],[2017,0,1,6,4,8,2,0,0,21],[2018,2,5,31,26,5,5,2,0,76],[2019,2,5,24,12,7,5,0,0,55],[2020,3,3,18,10,5,2,3,0,44],[2021,1,1,4,5,1,3,0,0,15],[2022,2,5,7,6,3,2,1,1,27],[2023,0,1,0,0,1,1,0,0,3]],"tfoot":["&nbsp;",18,38,120,89,45,26,10,1,347],"format":{"tbody":[["font-weight:bold",null],["text-align:right",0],["text-align:right",0],["text-align:right",0],["text-align:right",0],["text-align:right",0],["text-align:right",0],["text-align:right",0],["text-align:right",0],["text-align:right;font-weight:bold",0]],"tfoot":[["font-weight:bold",null],["font-weight:bold;text-align:right",0],["font-weight:bold;text-align:right",0],["font-weight:bold;text-align:right",0],["font-weight:bold;text-align:right",0],["font-weight:bold;text-align:right",0],["font-weight:bold;text-align:right",0],["font-weight:bold;text-align:right",0],["font-weight:bold;text-align:right",0],["font-weight:bold;text-align:right",0]]}}},"DateStart":"2000","DateEnd":"2023","SourceLink":"https:\/\/serviciomigraciones.cl\/wp-content\/uploads\/2024\/03\/RT-otorgadas-2000-al-2023.zip","ParametersText":"Visas temporales, comuna: San Esteban, 2000-2023","ParametersHTML":"Visas temporales, comuna: San Esteban, 2000-2023"}