{"arrTables":{"edad":{"heading":"Edad, Hombres y Mujeres","comment":"Edad mediana (50% son m\u00e1s mayores, 50% son m\u00e1s j\u00f3venes): <b>33.5<\/b>","thead":["A\u00f1os","1-10","11-20","21-30","31-40","41-50","51-60","61-70","70+","total"],"tbody":[[2001,1,0,0,0,0,0,1,0,2],[2002,0,0,0,1,0,0,0,0,1],[2003,0,1,1,2,0,1,0,0,5],[2004,0,0,0,2,0,0,2,1,5],[2005,0,5,1,2,0,1,0,0,9],[2006,0,1,2,1,0,0,0,0,4],[2007,0,0,1,6,0,1,1,0,9],[2008,0,0,2,3,1,1,0,0,7],[2009,0,0,1,2,2,2,1,0,8],[2010,0,3,0,4,4,1,1,0,13],[2011,0,2,4,9,4,2,0,0,21],[2012,2,4,5,7,7,3,0,0,28],[2013,5,6,12,9,9,6,2,0,49],[2014,4,4,14,11,8,5,2,0,48],[2015,4,8,18,12,6,5,6,0,59],[2016,5,5,8,14,10,7,4,1,54],[2017,1,1,23,24,18,9,3,0,79],[2018,8,9,91,75,26,14,5,1,229],[2019,4,8,48,46,17,11,4,0,138],[2020,5,8,31,23,13,7,4,0,91],[2021,2,1,9,9,4,6,0,0,31],[2022,3,10,14,10,13,4,2,1,57],[2023,1,4,1,3,2,2,0,0,13]],"tfoot":["&nbsp;",45,80,286,275,144,88,38,4,960],"format":{"tbody":[["font-weight:bold",null],["text-align:right",0],["text-align:right",0],["text-align:right",0],["text-align:right",0],["text-align:right",0],["text-align:right",0],["text-align:right",0],["text-align:right",0],["text-align:right;font-weight:bold",0]],"tfoot":[["font-weight:bold",null],["font-weight:bold;text-align:right",0],["font-weight:bold;text-align:right",0],["font-weight:bold;text-align:right",0],["font-weight:bold;text-align:right",0],["font-weight:bold;text-align:right",0],["font-weight:bold;text-align:right",0],["font-weight:bold;text-align:right",0],["font-weight:bold;text-align:right",0],["font-weight:bold;text-align:right",0]]}}},"DateStart":"2000","DateEnd":"2023","SourceLink":"https:\/\/serviciomigraciones.cl\/wp-content\/uploads\/2024\/03\/RT-otorgadas-2000-al-2023.zip","ParametersText":"Visas temporales, comuna: San Esteban, 2000-2023","ParametersHTML":"Visas temporales, comuna: San Esteban, 2000-2023"}