{"arrTables":{"edadm":{"heading":"Edad, Hombres","comment":"Edad mediana (50% son m\u00e1s mayores, 50% son m\u00e1s j\u00f3venes): <b>31.2<\/b>","thead":["A\u00f1os","1-10","11-20","21-30","31-40","41-50","51-60","61-70","70+","total"],"tbody":[[2000,0,0,0,1,0,0,0,0,1],[2001,0,0,1,0,0,0,1,0,2],[2003,0,0,0,1,0,0,1,0,2],[2005,0,0,1,0,0,0,0,0,1],[2006,0,0,1,0,0,0,0,0,1],[2007,1,0,0,0,0,0,0,0,1],[2008,0,0,0,0,0,0,0,0,0],[2009,0,0,0,2,0,0,0,0,2],[2010,0,0,0,0,0,0,1,0,1],[2011,0,0,1,0,0,0,0,0,1],[2012,1,1,2,0,0,1,0,0,5],[2013,1,0,2,1,0,0,0,0,4],[2014,0,0,3,0,0,0,0,0,3],[2015,1,0,2,1,0,0,0,0,4],[2016,1,2,0,2,0,0,0,0,5],[2017,0,1,16,6,4,1,0,0,28],[2018,2,13,28,27,10,5,1,1,87],[2019,3,3,24,15,7,7,1,1,61],[2020,2,4,24,23,6,10,1,0,70],[2021,1,0,4,4,3,0,1,0,13],[2022,3,3,13,6,11,6,1,1,44],[2023,0,3,0,0,0,0,0,0,3]],"tfoot":["&nbsp;",16,30,122,89,41,30,8,3,339],"format":{"tbody":[["font-weight:bold",null],["text-align:right",0],["text-align:right",0],["text-align:right",0],["text-align:right",0],["text-align:right",0],["text-align:right",0],["text-align:right",0],["text-align:right",0],["text-align:right;font-weight:bold",0]],"tfoot":[["font-weight:bold",null],["font-weight:bold;text-align:right",0],["font-weight:bold;text-align:right",0],["font-weight:bold;text-align:right",0],["font-weight:bold;text-align:right",0],["font-weight:bold;text-align:right",0],["font-weight:bold;text-align:right",0],["font-weight:bold;text-align:right",0],["font-weight:bold;text-align:right",0],["font-weight:bold;text-align:right",0]]}}},"DateStart":"2000","DateEnd":"2023","SourceLink":"https:\/\/serviciomigraciones.cl\/wp-content\/uploads\/2024\/03\/RT-otorgadas-2000-al-2023.zip","ParametersText":"Visas temporales, comuna: Peralillo, 2000-2023","ParametersHTML":"Visas temporales, comuna: Peralillo, 2000-2023"}