{"arrTables":{"edadm":{"heading":"Edad, Hombres","comment":"Edad mediana (50% son m\u00e1s mayores, 50% son m\u00e1s j\u00f3venes): <b>34.6<\/b>","thead":["A\u00f1os","1-10","11-20","21-30","31-40","41-50","51-60","61-70","70+","total"],"tbody":[[2003,0,0,0,0,0,0,0,0,0],[2004,0,0,0,0,0,0,0,0,0],[2006,0,0,1,0,0,0,0,0,1],[2008,0,0,0,0,0,1,0,0,1],[2010,0,0,0,0,0,0,0,0,0],[2011,0,0,0,0,0,0,0,0,0],[2012,0,0,1,0,0,0,0,0,1],[2013,0,0,0,0,0,0,0,0,0],[2014,0,0,0,3,1,0,0,0,4],[2015,0,0,0,3,2,0,1,0,6],[2016,0,0,2,0,1,0,0,0,3],[2017,0,0,2,2,2,0,0,0,6],[2018,0,0,16,19,5,1,0,0,41],[2019,1,1,11,12,2,0,0,0,27],[2020,1,0,2,10,3,0,0,0,16],[2021,0,0,18,27,11,1,0,0,57],[2022,0,0,1,6,3,0,1,0,11],[2023,0,1,0,0,0,0,0,0,1]],"tfoot":["&nbsp;",2,2,54,82,30,3,2,0,175],"format":{"tbody":[["font-weight:bold",null],["text-align:right",0],["text-align:right",0],["text-align:right",0],["text-align:right",0],["text-align:right",0],["text-align:right",0],["text-align:right",0],["text-align:right",0],["text-align:right;font-weight:bold",0]],"tfoot":[["font-weight:bold",null],["font-weight:bold;text-align:right",0],["font-weight:bold;text-align:right",0],["font-weight:bold;text-align:right",0],["font-weight:bold;text-align:right",0],["font-weight:bold;text-align:right",0],["font-weight:bold;text-align:right",0],["font-weight:bold;text-align:right",0],["font-weight:bold;text-align:right",0],["font-weight:bold;text-align:right",0]]}}},"DateStart":"2000","DateEnd":"2023","SourceLink":"https:\/\/serviciomigraciones.cl\/wp-content\/uploads\/2024\/03\/RT-otorgadas-2000-al-2023.zip","ParametersText":"Visas temporales, comuna: Pelarco, 2000-2023","ParametersHTML":"Visas temporales, comuna: Pelarco, 2000-2023"}