{"arrTables":{"edad":{"heading":"Edad, Hombres y Mujeres","comment":"Edad mediana (50% son m\u00e1s mayores, 50% son m\u00e1s j\u00f3venes): <b>34.5<\/b>","thead":["A\u00f1os","1-10","11-20","21-30","31-40","41-50","51-60","61-70","70+","total"],"tbody":[[2003,0,0,0,1,0,0,0,0,1],[2004,0,0,1,0,0,1,0,0,2],[2006,0,0,1,0,0,0,0,0,1],[2008,0,0,0,0,0,1,1,0,2],[2010,0,0,0,1,0,0,0,0,1],[2011,0,0,0,1,0,0,0,0,1],[2012,0,0,1,1,0,0,0,0,2],[2013,0,0,1,0,0,0,0,0,1],[2014,0,0,0,5,1,0,0,0,6],[2015,0,0,0,4,3,0,1,0,8],[2016,0,0,2,1,2,1,0,0,6],[2017,0,0,4,2,2,0,0,0,8],[2018,0,0,16,24,5,1,2,0,48],[2019,1,1,15,14,4,0,0,0,35],[2020,1,0,6,11,3,1,0,0,22],[2021,0,0,20,27,11,1,1,0,60],[2022,1,0,3,8,3,0,1,0,16],[2023,0,1,1,0,0,0,0,0,2]],"tfoot":["&nbsp;",3,2,71,100,34,6,6,0,222],"format":{"tbody":[["font-weight:bold",null],["text-align:right",0],["text-align:right",0],["text-align:right",0],["text-align:right",0],["text-align:right",0],["text-align:right",0],["text-align:right",0],["text-align:right",0],["text-align:right;font-weight:bold",0]],"tfoot":[["font-weight:bold",null],["font-weight:bold;text-align:right",0],["font-weight:bold;text-align:right",0],["font-weight:bold;text-align:right",0],["font-weight:bold;text-align:right",0],["font-weight:bold;text-align:right",0],["font-weight:bold;text-align:right",0],["font-weight:bold;text-align:right",0],["font-weight:bold;text-align:right",0],["font-weight:bold;text-align:right",0]]}}},"DateStart":"2000","DateEnd":"2023","SourceLink":"https:\/\/serviciomigraciones.cl\/wp-content\/uploads\/2024\/03\/RT-otorgadas-2000-al-2023.zip","ParametersText":"Visas temporales, comuna: Pelarco, 2000-2023","ParametersHTML":"Visas temporales, comuna: Pelarco, 2000-2023"}