{"arrTables":{"edadf":{"heading":"Edad, Mujeres","comment":"Edad mediana (50% son m\u00e1s mayores, 50% son m\u00e1s j\u00f3venes): <b>31.1<\/b>","thead":["A\u00f1os","1-10","11-20","21-30","31-40","41-50","51-60","61-70","70+","total"],"tbody":[[2001,0,0,0,0,0,0,0,0,0],[2002,0,0,0,0,0,0,0,0,0],[2005,0,0,0,0,0,0,0,0,0],[2006,0,0,0,0,0,0,0,0,0],[2007,0,0,0,0,1,0,0,0,1],[2008,1,0,0,1,0,0,0,0,2],[2009,0,0,1,0,0,1,0,0,2],[2010,0,0,1,1,0,0,0,0,2],[2011,0,0,2,0,0,0,0,0,2],[2012,0,0,1,2,0,0,0,0,3],[2013,0,0,1,1,0,0,0,0,2],[2014,0,0,2,0,0,0,0,0,2],[2015,0,2,1,4,0,0,0,0,7],[2016,2,1,3,3,0,1,0,0,10],[2017,1,1,2,8,4,0,0,0,16],[2018,0,6,20,23,4,0,0,2,55],[2019,1,2,10,9,1,1,0,0,24],[2020,0,0,7,2,0,0,0,0,9],[2021,0,1,1,1,1,1,0,0,5],[2022,0,1,7,6,2,0,1,0,17],[2023,1,1,0,0,0,0,0,0,2]],"tfoot":["&nbsp;",6,15,59,61,13,4,1,2,161],"format":{"tbody":[["font-weight:bold",null],["text-align:right",0],["text-align:right",0],["text-align:right",0],["text-align:right",0],["text-align:right",0],["text-align:right",0],["text-align:right",0],["text-align:right",0],["text-align:right;font-weight:bold",0]],"tfoot":[["font-weight:bold",null],["font-weight:bold;text-align:right",0],["font-weight:bold;text-align:right",0],["font-weight:bold;text-align:right",0],["font-weight:bold;text-align:right",0],["font-weight:bold;text-align:right",0],["font-weight:bold;text-align:right",0],["font-weight:bold;text-align:right",0],["font-weight:bold;text-align:right",0],["font-weight:bold;text-align:right",0]]}}},"DateStart":"2000","DateEnd":"2023","SourceLink":"https:\/\/serviciomigraciones.cl\/wp-content\/uploads\/2024\/03\/RT-otorgadas-2000-al-2023.zip","ParametersText":"Visas temporales, comuna: Olivar, 2000-2023","ParametersHTML":"Visas temporales, comuna: Olivar, 2000-2023"}