{"arrTables":{"edadm":{"heading":"Edad, Hombres","comment":"Edad mediana (50% son m\u00e1s mayores, 50% son m\u00e1s j\u00f3venes): <b>34.8<\/b>","thead":["A\u00f1os","1-10","11-20","21-30","31-40","41-50","51-60","61-70","70+","total"],"tbody":[[2000,61,54,235,212,73,51,11,7,704],[2001,95,82,315,322,120,73,12,5,1024],[2002,133,71,332,396,169,110,24,7,1242],[2003,165,121,412,475,184,98,31,7,1493],[2004,148,94,353,461,207,100,21,8,1392],[2005,144,103,444,464,220,130,36,8,1549],[2006,147,118,425,468,254,162,46,10,1630],[2007,143,126,538,537,244,167,55,16,1826],[2008,127,106,561,584,263,165,68,13,1887],[2009,154,124,477,503,300,177,75,15,1825],[2010,184,118,600,769,425,284,121,14,2515],[2011,230,160,557,687,451,297,124,24,2530],[2012,236,139,685,916,524,283,155,19,2957],[2013,236,220,813,1120,681,398,154,33,3655],[2014,225,172,776,1102,668,346,98,20,3407],[2015,245,207,892,1182,713,363,116,27,3745],[2016,204,184,777,1050,646,287,94,25,3267],[2017,220,242,842,998,576,297,97,32,3304],[2018,162,171,688,784,381,241,98,33,2558],[2019,186,204,626,803,473,247,114,52,2705],[2020,89,104,311,527,278,164,63,19,1555],[2021,40,45,138,248,134,84,42,16,747],[2022,115,129,376,562,353,185,86,34,1840],[2023,46,52,33,110,73,44,21,7,386]],"tfoot":["&nbsp;",3735,3146,12206,15280,8410,4753,1762,451,49743],"format":{"tbody":[["font-weight:bold",null],["text-align:right",0],["text-align:right",0],["text-align:right",0],["text-align:right",0],["text-align:right",0],["text-align:right",0],["text-align:right",0],["text-align:right",0],["text-align:right;font-weight:bold",0]],"tfoot":[["font-weight:bold",null],["font-weight:bold;text-align:right",0],["font-weight:bold;text-align:right",0],["font-weight:bold;text-align:right",0],["font-weight:bold;text-align:right",0],["font-weight:bold;text-align:right",0],["font-weight:bold;text-align:right",0],["font-weight:bold;text-align:right",0],["font-weight:bold;text-align:right",0],["font-weight:bold;text-align:right",0]]}}},"DateStart":"2000","DateEnd":"2023","SourceLink":"https:\/\/serviciomigraciones.cl\/wp-content\/uploads\/2024\/03\/RT-otorgadas-2000-al-2023.zip","ParametersText":"Visas temporales, comuna: Las Condes, 2000-2023","ParametersHTML":"Visas temporales, comuna: Las Condes, 2000-2023"}