{"arrTables":{"pais":{"heading":"Pa\u00eds","comment":"<b>Acum.%<\/b> - el resultado acumulado.<br>\nTabla ordenable. Haga clic en la cabecera para ordenar.","thead":["\u2116","Nombre","Personas","%%","Acum.%"],"tbody":[[1,"Hait\u00ed",2458,45.1,45.1],[2,"Venezuela",1516,27.8,73],[3,"Colombia",521,9.6,82.5],[4,"Per\u00fa",220,4,86.6],[5,"Argentina",214,3.9,90.5],[6,"Ecuador",157,2.9,93.4],[7,"Bolivia",107,2,95.3],[8,"China",68,1.2,96.6],[9,"Brasil",29,0.5,97.1],[10,"Espa\u00f1a",21,0.4,97.5],[11,"Uruguay",21,0.4,97.9],[12,"Estados Unidos",17,0.3,98.2],[13,"Paraguay",16,0.3,98.5],[14,"Rep\u00fablica Dominicana",14,0.3,98.8],[15,"Cuba",10,0.2,98.9],[16,"Italia",9,0.2,99.1],[17,"Alemania",8,0.1,99.2],[18,"Ruman\u00eda",7,0.1,99.4],[19,"Australia",6,0.1,99.5],[20,"M\u00e9xico",5,0.1,99.6],[21,"Ghana",3,0.1,99.6],[22,"Otro pa\u00eds",3,0.1,99.7],[23,"India",2,0,99.7],[24,"Nicaragua",2,0,99.8],[25,"Panam\u00e1",2,0,99.8],[26,"El Salvador",1,0,99.8],[27,"Francia",1,0,99.8],[28,"Holanda",1,0,99.9],[29,"Honduras",1,0,99.9],[30,"Inglaterra",1,0,99.9],[31,"Jap\u00f3n",1,0,99.9],[32,"Malasia",1,0,99.9],[33,"Nueva Zelanda",1,0,99.9],[34,"Portugal",1,0,100],[35,"Sud\u00e1frica",1,0,100],[36,"Suiza",1,0,100]],"format":{"tbody":[["",null],["",null],["text-align:right",null],["text-align:right",1],["text-align:right",1],["text-align:right",2],["text-align:right",2]]}}},"DateStart":"2000","DateEnd":"2023","SourceLink":"https:\/\/serviciomigraciones.cl\/wp-content\/uploads\/2024\/03\/RT-otorgadas-2000-al-2023.zip","ParametersText":"Visas temporales, comuna: La Calera, 2000-2023","ParametersHTML":"Visas temporales, comuna: La Calera, 2000-2023"}