{"arrTables":{"estudios":{"heading":"Estudios","comment":"<b>Acum.%<\/b> - el resultado acumulado.<br>\nTabla ordenable. Haga clic en la cabecera para ordenar.","thead":["\u2116","Nombre","Personas","%%","Acum.%"],"tbody":[[1,"No Informa",1721,31.6,31.6],[2,"Medio",1688,31,62.6],[3,"B\u00e1sico",1117,20.5,83.1],[4,"Universitario",499,9.2,92.3],[5,"T\u00e9cnico",265,4.9,97.1],[6,"Pre-B\u00e1sico",82,1.5,98.6],[7,"Ninguno",75,1.4,100]],"format":{"tbody":[["",null],["",null],["text-align:right",null],["text-align:right",1],["text-align:right",1],["text-align:right",2],["text-align:right",2]]}}},"DateStart":"2000","DateEnd":"2023","SourceLink":"https:\/\/serviciomigraciones.cl\/wp-content\/uploads\/2024\/03\/RT-otorgadas-2000-al-2023.zip","ParametersText":"Visas temporales, comuna: La Calera, 2000-2023","ParametersHTML":"Visas temporales, comuna: La Calera, 2000-2023"}