{"arrTables":{"edadm":{"heading":"Edad, Hombres","comment":"Edad mediana (50% son m\u00e1s mayores, 50% son m\u00e1s j\u00f3venes): <b>30.7<\/b>","thead":["A\u00f1os","1-10","11-20","21-30","31-40","41-50","51-60","61-70","70+","total"],"tbody":[[2000,2,2,6,0,0,1,0,0,11],[2001,2,0,0,2,2,0,0,1,7],[2002,0,0,3,1,0,0,0,0,4],[2003,2,1,4,5,0,0,0,1,13],[2004,0,0,4,0,2,2,0,0,8],[2005,1,0,7,0,0,0,2,0,10],[2006,1,0,1,2,0,1,0,1,6],[2007,1,5,9,3,2,1,1,1,23],[2008,2,2,8,7,3,3,1,0,26],[2009,2,0,4,3,0,0,0,0,9],[2010,2,1,0,6,2,2,1,0,14],[2011,1,2,5,2,2,0,2,2,16],[2012,1,2,6,3,4,1,0,1,18],[2013,2,4,9,4,4,2,0,0,25],[2014,4,2,18,11,7,4,0,0,46],[2015,3,5,20,19,8,3,1,0,59],[2016,11,6,54,36,12,1,2,0,122],[2017,8,9,114,79,28,8,1,0,247],[2018,40,26,559,365,147,36,5,2,1180],[2019,25,31,139,145,55,22,2,2,421],[2020,9,16,166,159,64,21,9,1,445],[2021,6,4,35,42,14,8,0,1,110],[2022,18,34,98,72,36,21,3,0,282],[2023,18,32,5,7,2,0,0,1,65]],"tfoot":["&nbsp;",161,184,1274,973,394,137,30,14,3167],"format":{"tbody":[["font-weight:bold",null],["text-align:right",0],["text-align:right",0],["text-align:right",0],["text-align:right",0],["text-align:right",0],["text-align:right",0],["text-align:right",0],["text-align:right",0],["text-align:right;font-weight:bold",0]],"tfoot":[["font-weight:bold",null],["font-weight:bold;text-align:right",0],["font-weight:bold;text-align:right",0],["font-weight:bold;text-align:right",0],["font-weight:bold;text-align:right",0],["font-weight:bold;text-align:right",0],["font-weight:bold;text-align:right",0],["font-weight:bold;text-align:right",0],["font-weight:bold;text-align:right",0],["font-weight:bold;text-align:right",0]]}}},"DateStart":"2000","DateEnd":"2023","SourceLink":"https:\/\/serviciomigraciones.cl\/wp-content\/uploads\/2024\/03\/RT-otorgadas-2000-al-2023.zip","ParametersText":"Visas temporales, comuna: La Calera, 2000-2023","ParametersHTML":"Visas temporales, comuna: La Calera, 2000-2023"}