{"arrTables":{"edadf":{"heading":"Edad, Mujeres","comment":"Edad mediana (50% son m\u00e1s mayores, 50% son m\u00e1s j\u00f3venes): <b>30.8<\/b>","thead":["A\u00f1os","1-10","11-20","21-30","31-40","41-50","51-60","61-70","70+","total"],"tbody":[[2000,3,2,2,0,1,1,1,0,10],[2001,1,1,3,2,0,0,0,0,7],[2002,0,1,1,0,0,0,0,0,2],[2003,2,0,1,1,0,1,0,0,5],[2004,1,1,6,1,0,0,0,0,9],[2005,3,0,3,2,1,0,0,0,9],[2006,2,0,6,4,2,1,1,0,16],[2007,3,0,9,3,0,0,1,0,16],[2008,3,1,6,6,2,2,0,0,20],[2009,2,3,8,3,1,2,0,0,19],[2010,2,5,5,4,2,0,0,0,18],[2011,1,3,6,4,4,0,1,0,19],[2012,1,3,8,9,5,2,0,0,28],[2013,3,2,12,10,4,3,1,1,36],[2014,3,2,18,13,4,4,0,0,44],[2015,2,9,22,20,7,2,1,0,63],[2016,4,8,25,25,16,9,0,0,87],[2017,5,7,49,31,20,6,0,0,118],[2018,37,30,275,210,70,17,2,3,644],[2019,23,23,124,110,49,16,5,0,350],[2020,19,13,127,101,43,20,7,1,331],[2021,12,3,27,41,9,10,0,0,102],[2022,19,26,61,69,38,32,7,1,253],[2023,23,23,12,9,3,1,3,0,74]],"tfoot":["&nbsp;",174,166,816,678,281,129,30,6,2280],"format":{"tbody":[["font-weight:bold",null],["text-align:right",0],["text-align:right",0],["text-align:right",0],["text-align:right",0],["text-align:right",0],["text-align:right",0],["text-align:right",0],["text-align:right",0],["text-align:right;font-weight:bold",0]],"tfoot":[["font-weight:bold",null],["font-weight:bold;text-align:right",0],["font-weight:bold;text-align:right",0],["font-weight:bold;text-align:right",0],["font-weight:bold;text-align:right",0],["font-weight:bold;text-align:right",0],["font-weight:bold;text-align:right",0],["font-weight:bold;text-align:right",0],["font-weight:bold;text-align:right",0],["font-weight:bold;text-align:right",0]]}}},"DateStart":"2000","DateEnd":"2023","SourceLink":"https:\/\/serviciomigraciones.cl\/wp-content\/uploads\/2024\/03\/RT-otorgadas-2000-al-2023.zip","ParametersText":"Visas temporales, comuna: La Calera, 2000-2023","ParametersHTML":"Visas temporales, comuna: La Calera, 2000-2023"}