{"arrTables":{"edad":{"heading":"Edad, Hombres y Mujeres","comment":"Edad mediana (50% son m\u00e1s mayores, 50% son m\u00e1s j\u00f3venes): <b>30.8<\/b>","thead":["A\u00f1os","1-10","11-20","21-30","31-40","41-50","51-60","61-70","70+","total"],"tbody":[[2000,5,4,8,0,1,2,1,0,21],[2001,3,1,3,4,2,0,0,1,14],[2002,0,1,4,1,0,0,0,0,6],[2003,4,1,5,6,0,1,0,1,18],[2004,1,1,10,1,2,2,0,0,17],[2005,4,0,10,2,1,0,2,0,19],[2006,3,0,7,6,2,2,1,1,22],[2007,4,5,18,6,2,1,2,1,39],[2008,5,3,14,13,5,5,1,0,46],[2009,4,3,12,6,1,2,0,0,28],[2010,4,6,5,10,4,2,1,0,32],[2011,2,5,11,6,6,0,3,2,35],[2012,2,5,14,12,9,3,0,1,46],[2013,5,6,21,14,8,5,1,1,61],[2014,7,4,36,24,11,8,0,0,90],[2015,5,14,42,39,15,5,2,0,122],[2016,15,14,79,61,28,10,2,0,209],[2017,13,16,163,110,48,14,1,0,365],[2018,77,56,834,575,217,53,7,5,1824],[2019,48,54,263,255,104,38,7,2,771],[2020,28,29,293,260,107,41,16,2,776],[2021,18,7,62,83,23,18,0,1,212],[2022,37,60,159,141,74,53,10,1,535],[2023,41,55,17,16,5,1,3,1,139]],"tfoot":["&nbsp;",335,350,2090,1651,675,266,60,20,5447],"format":{"tbody":[["font-weight:bold",null],["text-align:right",0],["text-align:right",0],["text-align:right",0],["text-align:right",0],["text-align:right",0],["text-align:right",0],["text-align:right",0],["text-align:right",0],["text-align:right;font-weight:bold",0]],"tfoot":[["font-weight:bold",null],["font-weight:bold;text-align:right",0],["font-weight:bold;text-align:right",0],["font-weight:bold;text-align:right",0],["font-weight:bold;text-align:right",0],["font-weight:bold;text-align:right",0],["font-weight:bold;text-align:right",0],["font-weight:bold;text-align:right",0],["font-weight:bold;text-align:right",0],["font-weight:bold;text-align:right",0]]}}},"DateStart":"2000","DateEnd":"2023","SourceLink":"https:\/\/serviciomigraciones.cl\/wp-content\/uploads\/2024\/03\/RT-otorgadas-2000-al-2023.zip","ParametersText":"Visas temporales, comuna: La Calera, 2000-2023","ParametersHTML":"Visas temporales, comuna: La Calera, 2000-2023"}