{"arrTables":{"edadf":{"heading":"Edad, Mujeres","comment":"Edad mediana (50% son m\u00e1s mayores, 50% son m\u00e1s j\u00f3venes): <b>32.2<\/b>","thead":["A\u00f1os","1-10","11-20","21-30","31-40","41-50","51-60","61-70","70+","total"],"tbody":[[2000,11,16,140,90,36,17,3,4,317],[2001,30,16,187,125,61,30,7,3,459],[2002,17,16,154,93,60,30,11,3,384],[2003,30,27,162,111,50,24,10,6,420],[2004,27,39,206,125,63,32,14,5,511],[2005,51,33,200,147,68,44,15,10,568],[2006,26,37,255,170,107,59,13,6,673],[2007,25,54,356,300,203,119,13,5,1075],[2008,41,62,342,228,129,72,10,7,891],[2009,36,47,293,196,110,66,12,4,764],[2010,30,62,306,216,123,81,20,2,840],[2011,50,56,324,254,156,65,11,8,924],[2012,56,73,418,317,145,90,26,7,1132],[2013,48,73,502,408,187,97,17,9,1341],[2014,67,99,524,444,195,90,32,3,1454],[2015,85,93,676,550,225,124,37,10,1800],[2016,142,105,788,609,245,126,52,14,2081],[2017,301,186,1106,922,310,216,96,19,3156],[2018,228,205,1140,792,368,266,175,40,3214],[2019,209,182,809,715,351,288,238,84,2876],[2020,93,105,415,351,182,150,112,37,1445],[2021,36,36,223,233,119,111,75,25,858],[2022,107,113,486,413,190,150,140,68,1667],[2023,40,58,56,69,21,22,35,18,319]],"tfoot":["&nbsp;",1786,1793,10068,7878,3704,2369,1174,397,29169],"format":{"tbody":[["font-weight:bold",null],["text-align:right",0],["text-align:right",0],["text-align:right",0],["text-align:right",0],["text-align:right",0],["text-align:right",0],["text-align:right",0],["text-align:right",0],["text-align:right;font-weight:bold",0]],"tfoot":[["font-weight:bold",null],["font-weight:bold;text-align:right",0],["font-weight:bold;text-align:right",0],["font-weight:bold;text-align:right",0],["font-weight:bold;text-align:right",0],["font-weight:bold;text-align:right",0],["font-weight:bold;text-align:right",0],["font-weight:bold;text-align:right",0],["font-weight:bold;text-align:right",0],["font-weight:bold;text-align:right",0]]}}},"DateStart":"2000","DateEnd":"2023","SourceLink":"https:\/\/serviciomigraciones.cl\/wp-content\/uploads\/2024\/03\/RT-otorgadas-2000-al-2023.zip","ParametersText":"Visas temporales, comuna: \u00d1u\u00f1oa, 2000-2023","ParametersHTML":"Visas temporales, comuna: \u00d1u\u00f1oa, 2000-2023"}