{"arrTables":{"edad":{"heading":"Edad, Hombres y Mujeres","comment":"Edad mediana (50% son m\u00e1s mayores, 50% son m\u00e1s j\u00f3venes): <b>31.7<\/b>","thead":["A\u00f1os","1-10","11-20","21-30","31-40","41-50","51-60","61-70","70+","total"],"tbody":[[2000,21,38,218,171,56,24,11,6,545],[2001,60,44,294,220,102,42,11,5,778],[2002,41,47,281,202,99,42,17,3,732],[2003,70,57,266,204,87,45,15,8,752],[2004,65,75,345,235,101,51,22,9,903],[2005,86,70,362,253,105,62,24,11,973],[2006,48,70,419,303,158,77,22,11,1108],[2007,53,107,587,464,269,140,25,9,1654],[2008,69,110,588,388,181,96,22,15,1469],[2009,68,89,518,342,160,87,21,7,1292],[2010,66,104,516,379,187,109,35,10,1406],[2011,83,114,571,438,233,107,23,11,1580],[2012,112,127,724,566,249,143,35,18,1974],[2013,105,135,909,710,299,149,35,19,2361],[2014,130,165,935,796,327,152,48,11,2564],[2015,177,156,1251,1050,393,191,73,17,3308],[2016,270,216,1461,1211,435,205,83,23,3904],[2017,573,345,2025,1759,592,309,141,32,5776],[2018,448,416,2155,1670,712,400,269,68,6138],[2019,439,365,1497,1357,620,444,361,139,5222],[2020,176,195,736,728,320,215,167,62,2599],[2021,77,82,429,444,209,162,120,43,1566],[2022,208,253,897,884,363,243,200,92,3140],[2023,64,120,105,116,50,33,43,32,563]],"tfoot":["&nbsp;",3509,3500,18089,14890,6307,3528,1823,661,52307],"format":{"tbody":[["font-weight:bold",null],["text-align:right",0],["text-align:right",0],["text-align:right",0],["text-align:right",0],["text-align:right",0],["text-align:right",0],["text-align:right",0],["text-align:right",0],["text-align:right;font-weight:bold",0]],"tfoot":[["font-weight:bold",null],["font-weight:bold;text-align:right",0],["font-weight:bold;text-align:right",0],["font-weight:bold;text-align:right",0],["font-weight:bold;text-align:right",0],["font-weight:bold;text-align:right",0],["font-weight:bold;text-align:right",0],["font-weight:bold;text-align:right",0],["font-weight:bold;text-align:right",0],["font-weight:bold;text-align:right",0]]}}},"DateStart":"2000","DateEnd":"2023","SourceLink":"https:\/\/serviciomigraciones.cl\/wp-content\/uploads\/2024\/03\/RT-otorgadas-2000-al-2023.zip","ParametersText":"Visas temporales, comuna: \u00d1u\u00f1oa, 2000-2023","ParametersHTML":"Visas temporales, comuna: \u00d1u\u00f1oa, 2000-2023"}